{"id":1527,"date":"2025-08-08T13:48:09","date_gmt":"2025-08-08T11:48:09","guid":{"rendered":"https:\/\/www.extratex-sfi.com\/?p=1527"},"modified":"2026-01-07T10:09:51","modified_gmt":"2026-01-07T09:09:51","slug":"europa-y-la-region-apuestan-por-extratex-s-f-i","status":"publish","type":"post","link":"https:\/\/www.extratex-sfi.com\/es\/europa-y-la-region-apuestan-por-extratex-s-f-i\/","title":{"rendered":"Europa y la regi\u00f3n apuestan por Extratex S.F.I."},"content":{"rendered":"","protected":false},"excerpt":{"rendered":"","protected":false},"author":1,"featured_media":1530,"comment_status":"open","ping_status":"open","sticky":false,"template":"","format":"standard","meta":{"_acf_changed":false,"inline_featured_image":false,"footnotes":""},"categories":[1],"tags":[],"class_list":["post-1527","post","type-post","status-publish","format-standard","has-post-thumbnail","hentry","category-sin-clasificar"],"acf":{"grid":[{"acf_fc_layout":"page_content","width":"1","content":"<p>\ud83c\udf89 <span data-sheets-root=\"1\">Extratex \u2014 La innovaci\u00f3n en fluidos supercr\u00edticos recibe un importante apoyo para la innovaci\u00f3n !<\/span> \ud83d\ude80<\/p>\n<p>Nos enorgullece anunciar que nuestro proyecto ha recibido una subvenci\u00f3n del FEDER, financiada por la Uni\u00f3n Europea y la Regi\u00f3n del Gran Este, para la construcci\u00f3n de una unidad de extracci\u00f3n supercr\u00edtica de 400 L y 1000 bar.<\/p>\n<p>\ud83d\udd2c Este ambicioso proyecto tiene como objetivo desarrollar la primera soluci\u00f3n a gran escala de ultraalta presi\u00f3n (&gt;900 bar) que utiliza CO\u2082 supercr\u00edtico.<\/p>\n<p>El objetivo es ofrecer, como servicio t\u00e9cnico interno, una herramienta \u00fanica capaz de satisfacer una amplia gama de necesidades en diversos sectores, con:<\/p>\n<ul>\n<li>\ud83e\uddea Mayor versatilidad: m\u00faltiples aplicaciones posibles en una sola m\u00e1quina.<\/li>\n<li>\ud83d\udcc8 Mayor rendimiento: extracci\u00f3n de nuevas mol\u00e9culas de alto potencial, como la astaxantina o el licopeno, inaccesibles a bajas presiones.<\/li>\n<\/ul>\n<p>\ud83c\udf31 M\u00e1s all\u00e1 de su innovaci\u00f3n tecnol\u00f3gica, este proyecto se enmarca en un firme compromiso medioambiental: el CO\u2082 supercr\u00edtico es un disolvente natural, no t\u00f3xico, reciclable y respetuoso con el medio ambiente, que permite la producci\u00f3n de extractos puros y altamente concentrados sin disolventes org\u00e1nicos contaminantes.<\/p>\n<p>\ud83d\ude4f Muchas gracias a nuestros socios institucionales por su confianza y apoyo en este avance, que ayudar\u00e1 a democratizar la tecnolog\u00eda de punta en beneficio de la salud, la nutrici\u00f3n y el medio ambiente.<\/p>\n","classe_css":""},{"acf_fc_layout":"columns","design":{"with_background":false,"align":"center"},"blocs":"2","grid_disposition_1":1,"grid_disposition_2":"1","column_1":[{"acf_fc_layout":"media","type":"int","media_ext":null,"media_int":{"ID":1529,"id":1529,"title":"Logo UE","filename":"logo-ue-resize.jpg","filesize":136184,"url":"https:\/\/www.extratex-sfi.com\/wp-content\/uploads\/2025\/08\/logo-ue-resize.jpg","link":"https:\/\/www.extratex-sfi.com\/es\/europa-y-la-region-apuestan-por-extratex-s-f-i\/logo-ue_resize\/","alt":"","author":"2","description":"","caption":"","name":"logo-ue_resize","status":"inherit","uploaded_to":1527,"date":"2025-08-08 11:28:53","modified":"2025-08-08 11:28:53","menu_order":0,"mime_type":"image\/jpeg","type":"image","subtype":"jpeg","icon":"https:\/\/www.extratex-sfi.com\/wp-includes\/images\/media\/default.png","width":910,"height":922,"sizes":{"thumbnail":"https:\/\/www.extratex-sfi.com\/wp-content\/uploads\/2025\/08\/logo-ue-resize-150x150.jpg","thumbnail-width":150,"thumbnail-height":150,"medium":"https:\/\/www.extratex-sfi.com\/wp-content\/uploads\/2025\/08\/logo-ue-resize-296x300.jpg","medium-width":296,"medium-height":300,"medium_large":"https:\/\/www.extratex-sfi.com\/wp-content\/uploads\/2025\/08\/logo-ue-resize-768x778.jpg","medium_large-width":768,"medium_large-height":778,"large":"https:\/\/www.extratex-sfi.com\/wp-content\/uploads\/2025\/08\/logo-ue-resize.jpg","large-width":910,"large-height":922,"1536x1536":"https:\/\/www.extratex-sfi.com\/wp-content\/uploads\/2025\/08\/logo-ue-resize.jpg","1536x1536-width":910,"1536x1536-height":922,"2048x2048":"https:\/\/www.extratex-sfi.com\/wp-content\/uploads\/2025\/08\/logo-ue-resize.jpg","2048x2048-width":910,"2048x2048-height":922,"header_home":"https:\/\/www.extratex-sfi.com\/wp-content\/uploads\/2025\/08\/logo-ue-resize.jpg","header_home-width":910,"header_home-height":922,"page_interne_header":"https:\/\/www.extratex-sfi.com\/wp-content\/uploads\/2025\/08\/logo-ue-resize-910x840.jpg","page_interne_header-width":910,"page_interne_header-height":840,"header_single":"https:\/\/www.extratex-sfi.com\/wp-content\/uploads\/2025\/08\/logo-ue-resize-910x920.jpg","header_single-width":910,"header_single-height":920,"post_thumbnail":"https:\/\/www.extratex-sfi.com\/wp-content\/uploads\/2025\/08\/logo-ue-resize-700x440.jpg","post_thumbnail-width":700,"post_thumbnail-height":440,"post_thumbnail2x":"https:\/\/www.extratex-sfi.com\/wp-content\/uploads\/2025\/08\/logo-ue-resize-910x880.jpg","post_thumbnail2x-width":910,"post_thumbnail2x-height":880,"banner":"https:\/\/www.extratex-sfi.com\/wp-content\/uploads\/2025\/08\/logo-ue-resize-910x480.jpg","banner-width":910,"banner-height":480}},"with_trademark":false,"position_trademark":"bottom_left","size":""}],"column_2":[{"acf_fc_layout":"media","type":"int","media_ext":null,"media_int":{"ID":1528,"id":1528,"title":"Logo GRAND EST","filename":"logo-grand-est-h800.jpg","filesize":37660,"url":"https:\/\/www.extratex-sfi.com\/wp-content\/uploads\/2025\/08\/logo-grand-est-h800.jpg","link":"https:\/\/www.extratex-sfi.com\/es\/europa-y-la-region-apuestan-por-extratex-s-f-i\/logo-grand-est_h800\/","alt":"","author":"2","description":"","caption":"","name":"logo-grand-est_h800","status":"inherit","uploaded_to":1527,"date":"2025-08-08 11:20:13","modified":"2025-08-08 11:20:13","menu_order":0,"mime_type":"image\/jpeg","type":"image","subtype":"jpeg","icon":"https:\/\/www.extratex-sfi.com\/wp-includes\/images\/media\/default.png","width":790,"height":800,"sizes":{"thumbnail":"https:\/\/www.extratex-sfi.com\/wp-content\/uploads\/2025\/08\/logo-grand-est-h800-150x150.jpg","thumbnail-width":150,"thumbnail-height":150,"medium":"https:\/\/www.extratex-sfi.com\/wp-content\/uploads\/2025\/08\/logo-grand-est-h800-296x300.jpg","medium-width":296,"medium-height":300,"medium_large":"https:\/\/www.extratex-sfi.com\/wp-content\/uploads\/2025\/08\/logo-grand-est-h800-768x778.jpg","medium_large-width":768,"medium_large-height":778,"large":"https:\/\/www.extratex-sfi.com\/wp-content\/uploads\/2025\/08\/logo-grand-est-h800.jpg","large-width":790,"large-height":800,"1536x1536":"https:\/\/www.extratex-sfi.com\/wp-content\/uploads\/2025\/08\/logo-grand-est-h800.jpg","1536x1536-width":790,"1536x1536-height":800,"2048x2048":"https:\/\/www.extratex-sfi.com\/wp-content\/uploads\/2025\/08\/logo-grand-est-h800.jpg","2048x2048-width":790,"2048x2048-height":800,"header_home":"https:\/\/www.extratex-sfi.com\/wp-content\/uploads\/2025\/08\/logo-grand-est-h800.jpg","header_home-width":790,"header_home-height":800,"page_interne_header":"https:\/\/www.extratex-sfi.com\/wp-content\/uploads\/2025\/08\/logo-grand-est-h800.jpg","page_interne_header-width":790,"page_interne_header-height":800,"header_single":"https:\/\/www.extratex-sfi.com\/wp-content\/uploads\/2025\/08\/logo-grand-est-h800.jpg","header_single-width":790,"header_single-height":800,"post_thumbnail":"https:\/\/www.extratex-sfi.com\/wp-content\/uploads\/2025\/08\/logo-grand-est-h800-700x440.jpg","post_thumbnail-width":700,"post_thumbnail-height":440,"post_thumbnail2x":"https:\/\/www.extratex-sfi.com\/wp-content\/uploads\/2025\/08\/logo-grand-est-h800.jpg","post_thumbnail2x-width":790,"post_thumbnail2x-height":800,"banner":"https:\/\/www.extratex-sfi.com\/wp-content\/uploads\/2025\/08\/logo-grand-est-h800-790x480.jpg","banner-width":790,"banner-height":480}},"with_trademark":false,"position_trademark":"bottom_left","size":""}],"column_3":false,"column_4":false}]},"yoast_head":"<!-- This site is optimized with the Yoast SEO plugin v24.4 - https:\/\/yoast.com\/wordpress\/plugins\/seo\/ -->\n<title>Europa y la regi\u00f3n apuestan por Extratex S.F.I. - Extratex<\/title>\n<meta name=\"robots\" content=\"index, follow, max-snippet:-1, max-image-preview:large, max-video-preview:-1\" \/>\n<link rel=\"canonical\" href=\"https:\/\/www.extratex-sfi.com\/es\/europa-y-la-region-apuestan-por-extratex-s-f-i\/\" \/>\n<meta property=\"og:locale\" content=\"es_ES\" \/>\n<meta property=\"og:type\" content=\"article\" \/>\n<meta property=\"og:title\" content=\"Europa y la regi\u00f3n apuestan por Extratex S.F.I. - Extratex\" \/>\n<meta property=\"og:url\" content=\"https:\/\/www.extratex-sfi.com\/es\/europa-y-la-region-apuestan-por-extratex-s-f-i\/\" \/>\n<meta property=\"og:site_name\" content=\"Extratex\" \/>\n<meta property=\"article:published_time\" content=\"2025-08-08T11:48:09+00:00\" \/>\n<meta property=\"article:modified_time\" content=\"2026-01-07T09:09:51+00:00\" \/>\n<meta property=\"og:image\" content=\"https:\/\/www.extratex-sfi.com\/wp-content\/uploads\/2025\/08\/20250804-170413-scaled.jpg\" \/>\n\t<meta property=\"og:image:width\" content=\"2560\" \/>\n\t<meta property=\"og:image:height\" content=\"1441\" \/>\n\t<meta property=\"og:image:type\" content=\"image\/jpeg\" \/>\n<meta name=\"author\" content=\"webmaster@webidea.fr\" \/>\n<meta name=\"twitter:card\" content=\"summary_large_image\" \/>\n<meta name=\"twitter:label1\" content=\"Escrito por\" \/>\n\t<meta name=\"twitter:data1\" content=\"webmaster@webidea.fr\" \/>\n<script type=\"application\/ld+json\" class=\"yoast-schema-graph\">{\"@context\":\"https:\/\/schema.org\",\"@graph\":[{\"@type\":\"Article\",\"@id\":\"https:\/\/www.extratex-sfi.com\/es\/europa-y-la-region-apuestan-por-extratex-s-f-i\/#article\",\"isPartOf\":{\"@id\":\"https:\/\/www.extratex-sfi.com\/es\/europa-y-la-region-apuestan-por-extratex-s-f-i\/\"},\"author\":{\"name\":\"webmaster@webidea.fr\",\"@id\":\"https:\/\/www.extratex-sfi.com\/#\/schema\/person\/9fde6b15e6c6b6a38f5a95aadc28b435\"},\"headline\":\"Europa y la regi\u00f3n apuestan por Extratex S.F.I.\",\"datePublished\":\"2025-08-08T11:48:09+00:00\",\"dateModified\":\"2026-01-07T09:09:51+00:00\",\"mainEntityOfPage\":{\"@id\":\"https:\/\/www.extratex-sfi.com\/es\/europa-y-la-region-apuestan-por-extratex-s-f-i\/\"},\"wordCount\":11,\"commentCount\":0,\"publisher\":{\"@id\":\"https:\/\/www.extratex-sfi.com\/#organization\"},\"image\":{\"@id\":\"https:\/\/www.extratex-sfi.com\/es\/europa-y-la-region-apuestan-por-extratex-s-f-i\/#primaryimage\"},\"thumbnailUrl\":\"https:\/\/www.extratex-sfi.com\/wp-content\/uploads\/2025\/08\/20250804-170413-scaled.jpg\",\"articleSection\":[\"Sin clasificar\"],\"inLanguage\":\"es\",\"potentialAction\":[{\"@type\":\"CommentAction\",\"name\":\"Comment\",\"target\":[\"https:\/\/www.extratex-sfi.com\/es\/europa-y-la-region-apuestan-por-extratex-s-f-i\/#respond\"]}]},{\"@type\":\"WebPage\",\"@id\":\"https:\/\/www.extratex-sfi.com\/es\/europa-y-la-region-apuestan-por-extratex-s-f-i\/\",\"url\":\"https:\/\/www.extratex-sfi.com\/es\/europa-y-la-region-apuestan-por-extratex-s-f-i\/\",\"name\":\"Europa y la regi\u00f3n apuestan por Extratex S.F.I. - Extratex\",\"isPartOf\":{\"@id\":\"https:\/\/www.extratex-sfi.com\/#website\"},\"primaryImageOfPage\":{\"@id\":\"https:\/\/www.extratex-sfi.com\/es\/europa-y-la-region-apuestan-por-extratex-s-f-i\/#primaryimage\"},\"image\":{\"@id\":\"https:\/\/www.extratex-sfi.com\/es\/europa-y-la-region-apuestan-por-extratex-s-f-i\/#primaryimage\"},\"thumbnailUrl\":\"https:\/\/www.extratex-sfi.com\/wp-content\/uploads\/2025\/08\/20250804-170413-scaled.jpg\",\"datePublished\":\"2025-08-08T11:48:09+00:00\",\"dateModified\":\"2026-01-07T09:09:51+00:00\",\"breadcrumb\":{\"@id\":\"https:\/\/www.extratex-sfi.com\/es\/europa-y-la-region-apuestan-por-extratex-s-f-i\/#breadcrumb\"},\"inLanguage\":\"es\",\"potentialAction\":[{\"@type\":\"ReadAction\",\"target\":[\"https:\/\/www.extratex-sfi.com\/es\/europa-y-la-region-apuestan-por-extratex-s-f-i\/\"]}]},{\"@type\":\"ImageObject\",\"inLanguage\":\"es\",\"@id\":\"https:\/\/www.extratex-sfi.com\/es\/europa-y-la-region-apuestan-por-extratex-s-f-i\/#primaryimage\",\"url\":\"https:\/\/www.extratex-sfi.com\/wp-content\/uploads\/2025\/08\/20250804-170413-scaled.jpg\",\"contentUrl\":\"https:\/\/www.extratex-sfi.com\/wp-content\/uploads\/2025\/08\/20250804-170413-scaled.jpg\",\"width\":2560,\"height\":1441},{\"@type\":\"BreadcrumbList\",\"@id\":\"https:\/\/www.extratex-sfi.com\/es\/europa-y-la-region-apuestan-por-extratex-s-f-i\/#breadcrumb\",\"itemListElement\":[{\"@type\":\"ListItem\",\"position\":1,\"name\":\"Accueil\",\"item\":\"https:\/\/www.extratex-sfi.com\/es\/\"},{\"@type\":\"ListItem\",\"position\":2,\"name\":\"Europa y la regi\u00f3n apuestan por Extratex S.F.I.\"}]},{\"@type\":\"WebSite\",\"@id\":\"https:\/\/www.extratex-sfi.com\/#website\",\"url\":\"https:\/\/www.extratex-sfi.com\/\",\"name\":\"Extratex\",\"description\":\"\",\"publisher\":{\"@id\":\"https:\/\/www.extratex-sfi.com\/#organization\"},\"potentialAction\":[{\"@type\":\"SearchAction\",\"target\":{\"@type\":\"EntryPoint\",\"urlTemplate\":\"https:\/\/www.extratex-sfi.com\/?s={search_term_string}\"},\"query-input\":{\"@type\":\"PropertyValueSpecification\",\"valueRequired\":true,\"valueName\":\"search_term_string\"}}],\"inLanguage\":\"es\"},{\"@type\":\"Organization\",\"@id\":\"https:\/\/www.extratex-sfi.com\/#organization\",\"name\":\"Extratex\",\"url\":\"https:\/\/www.extratex-sfi.com\/\",\"logo\":{\"@type\":\"ImageObject\",\"inLanguage\":\"es\",\"@id\":\"https:\/\/www.extratex-sfi.com\/#\/schema\/logo\/image\/\",\"url\":\"https:\/\/www.extratex-sfi.com\/wp-content\/uploads\/2024\/10\/cropped-favicon-1.png\",\"contentUrl\":\"https:\/\/www.extratex-sfi.com\/wp-content\/uploads\/2024\/10\/cropped-favicon-1.png\",\"width\":512,\"height\":512,\"caption\":\"Extratex\"},\"image\":{\"@id\":\"https:\/\/www.extratex-sfi.com\/#\/schema\/logo\/image\/\"},\"sameAs\":[\"https:\/\/www.linkedin.com\/company\/extratex-sfi\/?originalSubdomain=fr\"]},{\"@type\":\"Person\",\"@id\":\"https:\/\/www.extratex-sfi.com\/#\/schema\/person\/9fde6b15e6c6b6a38f5a95aadc28b435\",\"name\":\"webmaster@webidea.fr\",\"image\":{\"@type\":\"ImageObject\",\"inLanguage\":\"es\",\"@id\":\"https:\/\/www.extratex-sfi.com\/#\/schema\/person\/image\/\",\"url\":\"https:\/\/secure.gravatar.com\/avatar\/a97cdaae12dae5b7babc315897069311d0d2ab509932b0335dac0c9dcb6bd110?s=96&d=mm&r=g\",\"contentUrl\":\"https:\/\/secure.gravatar.com\/avatar\/a97cdaae12dae5b7babc315897069311d0d2ab509932b0335dac0c9dcb6bd110?s=96&d=mm&r=g\",\"caption\":\"webmaster@webidea.fr\"},\"sameAs\":[\"https:\/\/extratex-sfi.com\"]}]}<\/script>\n<!-- \/ Yoast SEO plugin. -->","yoast_head_json":{"title":"Europa y la regi\u00f3n apuestan por Extratex S.F.I. - Extratex","robots":{"index":"index","follow":"follow","max-snippet":"max-snippet:-1","max-image-preview":"max-image-preview:large","max-video-preview":"max-video-preview:-1"},"canonical":"https:\/\/www.extratex-sfi.com\/es\/europa-y-la-region-apuestan-por-extratex-s-f-i\/","og_locale":"es_ES","og_type":"article","og_title":"Europa y la regi\u00f3n apuestan por Extratex S.F.I. - Extratex","og_url":"https:\/\/www.extratex-sfi.com\/es\/europa-y-la-region-apuestan-por-extratex-s-f-i\/","og_site_name":"Extratex","article_published_time":"2025-08-08T11:48:09+00:00","article_modified_time":"2026-01-07T09:09:51+00:00","og_image":[{"width":2560,"height":1441,"url":"https:\/\/www.extratex-sfi.com\/wp-content\/uploads\/2025\/08\/20250804-170413-scaled.jpg","type":"image\/jpeg"}],"author":"webmaster@webidea.fr","twitter_card":"summary_large_image","twitter_misc":{"Escrito por":"webmaster@webidea.fr"},"schema":{"@context":"https:\/\/schema.org","@graph":[{"@type":"Article","@id":"https:\/\/www.extratex-sfi.com\/es\/europa-y-la-region-apuestan-por-extratex-s-f-i\/#article","isPartOf":{"@id":"https:\/\/www.extratex-sfi.com\/es\/europa-y-la-region-apuestan-por-extratex-s-f-i\/"},"author":{"name":"webmaster@webidea.fr","@id":"https:\/\/www.extratex-sfi.com\/#\/schema\/person\/9fde6b15e6c6b6a38f5a95aadc28b435"},"headline":"Europa y la regi\u00f3n apuestan por Extratex S.F.I.","datePublished":"2025-08-08T11:48:09+00:00","dateModified":"2026-01-07T09:09:51+00:00","mainEntityOfPage":{"@id":"https:\/\/www.extratex-sfi.com\/es\/europa-y-la-region-apuestan-por-extratex-s-f-i\/"},"wordCount":11,"commentCount":0,"publisher":{"@id":"https:\/\/www.extratex-sfi.com\/#organization"},"image":{"@id":"https:\/\/www.extratex-sfi.com\/es\/europa-y-la-region-apuestan-por-extratex-s-f-i\/#primaryimage"},"thumbnailUrl":"https:\/\/www.extratex-sfi.com\/wp-content\/uploads\/2025\/08\/20250804-170413-scaled.jpg","articleSection":["Sin clasificar"],"inLanguage":"es","potentialAction":[{"@type":"CommentAction","name":"Comment","target":["https:\/\/www.extratex-sfi.com\/es\/europa-y-la-region-apuestan-por-extratex-s-f-i\/#respond"]}]},{"@type":"WebPage","@id":"https:\/\/www.extratex-sfi.com\/es\/europa-y-la-region-apuestan-por-extratex-s-f-i\/","url":"https:\/\/www.extratex-sfi.com\/es\/europa-y-la-region-apuestan-por-extratex-s-f-i\/","name":"Europa y la regi\u00f3n apuestan por Extratex S.F.I. - Extratex","isPartOf":{"@id":"https:\/\/www.extratex-sfi.com\/#website"},"primaryImageOfPage":{"@id":"https:\/\/www.extratex-sfi.com\/es\/europa-y-la-region-apuestan-por-extratex-s-f-i\/#primaryimage"},"image":{"@id":"https:\/\/www.extratex-sfi.com\/es\/europa-y-la-region-apuestan-por-extratex-s-f-i\/#primaryimage"},"thumbnailUrl":"https:\/\/www.extratex-sfi.com\/wp-content\/uploads\/2025\/08\/20250804-170413-scaled.jpg","datePublished":"2025-08-08T11:48:09+00:00","dateModified":"2026-01-07T09:09:51+00:00","breadcrumb":{"@id":"https:\/\/www.extratex-sfi.com\/es\/europa-y-la-region-apuestan-por-extratex-s-f-i\/#breadcrumb"},"inLanguage":"es","potentialAction":[{"@type":"ReadAction","target":["https:\/\/www.extratex-sfi.com\/es\/europa-y-la-region-apuestan-por-extratex-s-f-i\/"]}]},{"@type":"ImageObject","inLanguage":"es","@id":"https:\/\/www.extratex-sfi.com\/es\/europa-y-la-region-apuestan-por-extratex-s-f-i\/#primaryimage","url":"https:\/\/www.extratex-sfi.com\/wp-content\/uploads\/2025\/08\/20250804-170413-scaled.jpg","contentUrl":"https:\/\/www.extratex-sfi.com\/wp-content\/uploads\/2025\/08\/20250804-170413-scaled.jpg","width":2560,"height":1441},{"@type":"BreadcrumbList","@id":"https:\/\/www.extratex-sfi.com\/es\/europa-y-la-region-apuestan-por-extratex-s-f-i\/#breadcrumb","itemListElement":[{"@type":"ListItem","position":1,"name":"Accueil","item":"https:\/\/www.extratex-sfi.com\/es\/"},{"@type":"ListItem","position":2,"name":"Europa y la regi\u00f3n apuestan por Extratex S.F.I."}]},{"@type":"WebSite","@id":"https:\/\/www.extratex-sfi.com\/#website","url":"https:\/\/www.extratex-sfi.com\/","name":"Extratex","description":"","publisher":{"@id":"https:\/\/www.extratex-sfi.com\/#organization"},"potentialAction":[{"@type":"SearchAction","target":{"@type":"EntryPoint","urlTemplate":"https:\/\/www.extratex-sfi.com\/?s={search_term_string}"},"query-input":{"@type":"PropertyValueSpecification","valueRequired":true,"valueName":"search_term_string"}}],"inLanguage":"es"},{"@type":"Organization","@id":"https:\/\/www.extratex-sfi.com\/#organization","name":"Extratex","url":"https:\/\/www.extratex-sfi.com\/","logo":{"@type":"ImageObject","inLanguage":"es","@id":"https:\/\/www.extratex-sfi.com\/#\/schema\/logo\/image\/","url":"https:\/\/www.extratex-sfi.com\/wp-content\/uploads\/2024\/10\/cropped-favicon-1.png","contentUrl":"https:\/\/www.extratex-sfi.com\/wp-content\/uploads\/2024\/10\/cropped-favicon-1.png","width":512,"height":512,"caption":"Extratex"},"image":{"@id":"https:\/\/www.extratex-sfi.com\/#\/schema\/logo\/image\/"},"sameAs":["https:\/\/www.linkedin.com\/company\/extratex-sfi\/?originalSubdomain=fr"]},{"@type":"Person","@id":"https:\/\/www.extratex-sfi.com\/#\/schema\/person\/9fde6b15e6c6b6a38f5a95aadc28b435","name":"webmaster@webidea.fr","image":{"@type":"ImageObject","inLanguage":"es","@id":"https:\/\/www.extratex-sfi.com\/#\/schema\/person\/image\/","url":"https:\/\/secure.gravatar.com\/avatar\/a97cdaae12dae5b7babc315897069311d0d2ab509932b0335dac0c9dcb6bd110?s=96&d=mm&r=g","contentUrl":"https:\/\/secure.gravatar.com\/avatar\/a97cdaae12dae5b7babc315897069311d0d2ab509932b0335dac0c9dcb6bd110?s=96&d=mm&r=g","caption":"webmaster@webidea.fr"},"sameAs":["https:\/\/extratex-sfi.com"]}]}},"_links":{"self":[{"href":"https:\/\/www.extratex-sfi.com\/es\/wp-json\/wp\/v2\/posts\/1527","targetHints":{"allow":["GET"]}}],"collection":[{"href":"https:\/\/www.extratex-sfi.com\/es\/wp-json\/wp\/v2\/posts"}],"about":[{"href":"https:\/\/www.extratex-sfi.com\/es\/wp-json\/wp\/v2\/types\/post"}],"author":[{"embeddable":true,"href":"https:\/\/www.extratex-sfi.com\/es\/wp-json\/wp\/v2\/users\/1"}],"replies":[{"embeddable":true,"href":"https:\/\/www.extratex-sfi.com\/es\/wp-json\/wp\/v2\/comments?post=1527"}],"version-history":[{"count":1,"href":"https:\/\/www.extratex-sfi.com\/es\/wp-json\/wp\/v2\/posts\/1527\/revisions"}],"predecessor-version":[{"id":1531,"href":"https:\/\/www.extratex-sfi.com\/es\/wp-json\/wp\/v2\/posts\/1527\/revisions\/1531"}],"wp:featuredmedia":[{"embeddable":true,"href":"https:\/\/www.extratex-sfi.com\/es\/wp-json\/wp\/v2\/media\/1530"}],"wp:attachment":[{"href":"https:\/\/www.extratex-sfi.com\/es\/wp-json\/wp\/v2\/media?parent=1527"}],"wp:term":[{"taxonomy":"category","embeddable":true,"href":"https:\/\/www.extratex-sfi.com\/es\/wp-json\/wp\/v2\/categories?post=1527"},{"taxonomy":"post_tag","embeddable":true,"href":"https:\/\/www.extratex-sfi.com\/es\/wp-json\/wp\/v2\/tags?post=1527"}],"curies":[{"name":"wp","href":"https:\/\/api.w.org\/{rel}","templated":true}]}}